{"id":1420,"date":"2000-09-22T22:00:18","date_gmt":"2000-09-22T22:00:18","guid":{"rendered":"http:\/\/www.freunde-guter-musik-berlin.de\/wp\/?p=1420"},"modified":"2012-10-02T21:29:47","modified_gmt":"2012-10-02T21:29:47","slug":"omid-burgin-2","status":"publish","type":"post","link":"https:\/\/www.freunde-guter-musik-berlin.de\/?p=1420&lang=en","title":{"rendered":"Omid Burgin"},"content":{"rendered":"<div>\n<p>22.09.2000 \/ 22:00 h<br \/>\nHaus der Kulturen der Welt<\/p>\n<p><strong>Xingu<\/strong> with Omid Burgin (tape operator), Werner Durand (home-made wind instruments), Arik Hayut (home-made percussion- and wind instruments), Sebastian Hilken (prepared e-cello)<\/p>\n<p>Supported by Pr\u00f3-Reitoria de P\u00f3s-Gradua \u00e7\u00e3o, Universidade de S\u00e3o Paulo.<\/p>\n<\/div>\n","protected":false},"excerpt":{"rendered":"<p>22.09.2000 \/ 22:00 h Haus der Kulturen der Welt Xingu with Omid Burgin (tape operator), Werner Durand (home-made wind instruments), Arik Hayut (home-made percussion- and wind instruments), Sebastian Hilken (prepared e-cello) Supported by Pr\u00f3-Reitoria de P\u00f3s-Gradua \u00e7\u00e3o, Universidade de S\u00e3o Paulo.<\/p>\n","protected":false},"author":2,"featured_media":0,"comment_status":"closed","ping_status":"open","sticky":false,"template":"","format":"standard","meta":[],"categories":[28,33],"tags":[173,111,179],"_links":{"self":[{"href":"https:\/\/www.freunde-guter-musik-berlin.de\/index.php?rest_route=\/wp\/v2\/posts\/1420"}],"collection":[{"href":"https:\/\/www.freunde-guter-musik-berlin.de\/index.php?rest_route=\/wp\/v2\/posts"}],"about":[{"href":"https:\/\/www.freunde-guter-musik-berlin.de\/index.php?rest_route=\/wp\/v2\/types\/post"}],"author":[{"embeddable":true,"href":"https:\/\/www.freunde-guter-musik-berlin.de\/index.php?rest_route=\/wp\/v2\/users\/2"}],"replies":[{"embeddable":true,"href":"https:\/\/www.freunde-guter-musik-berlin.de\/index.php?rest_route=%2Fwp%2Fv2%2Fcomments&post=1420"}],"version-history":[{"count":1,"href":"https:\/\/www.freunde-guter-musik-berlin.de\/index.php?rest_route=\/wp\/v2\/posts\/1420\/revisions"}],"predecessor-version":[{"id":1421,"href":"https:\/\/www.freunde-guter-musik-berlin.de\/index.php?rest_route=\/wp\/v2\/posts\/1420\/revisions\/1421"}],"wp:attachment":[{"href":"https:\/\/www.freunde-guter-musik-berlin.de\/index.php?rest_route=%2Fwp%2Fv2%2Fmedia&parent=1420"}],"wp:term":[{"taxonomy":"category","embeddable":true,"href":"https:\/\/www.freunde-guter-musik-berlin.de\/index.php?rest_route=%2Fwp%2Fv2%2Fcategories&post=1420"},{"taxonomy":"post_tag","embeddable":true,"href":"https:\/\/www.freunde-guter-musik-berlin.de\/index.php?rest_route=%2Fwp%2Fv2%2Ftags&post=1420"}],"curies":[{"name":"wp","href":"https:\/\/api.w.org\/{rel}","templated":true}]}}