{"id":1567,"date":"1999-10-09T00:00:03","date_gmt":"1999-10-09T00:00:03","guid":{"rendered":"http:\/\/www.freunde-guter-musik-berlin.de\/wp\/?p=1567"},"modified":"2012-10-12T20:01:33","modified_gmt":"2012-10-12T20:01:33","slug":"die-island-show-wolfgang-muller","status":"publish","type":"post","link":"https:\/\/www.freunde-guter-musik-berlin.de\/?p=1567","title":{"rendered":"Die Island Show \/ Wolfgang M\u00fcller"},"content":{"rendered":"<p>09.10.1999<br \/>\nPodewil<\/p>\n<p><strong>Das Goethe-Institut Reykjavik pr\u00e4sentiert isl\u00e4ndische Kultur <\/strong><br \/>\nModeration: \u00c1sta \u00d3lafsd\u00f3ttir und Wolfgang M\u00fcller<\/p>\n<p>Trotz heftiger Proteste schlo\u00df das staatliche Goethe-Institut Reykjav\u00edk im M\u00e4rz 1998 aus Kostengr\u00fcnden seine Pforten. Nur wenige Monate sp\u00e4ter, im August des Jahres, er\u00f6ffneten Wolfgang M\u00fcller und \u00c1sta \u00d3lafsd\u00f3ttir ein neues Goethe-Insitut in der isl\u00e4ndischen Hauptstadt &#8211; das weltweit erste private Institut dieser Art! Gem\u00e4\u00df Goethes Metamorphosenlehre ist in diesem kleinen Samenkorn bereits die Gestaltungskraft einer ganzen Pflanze enthalten. Im Goethe-Jahr 1999 wird sie in Berlin erbl\u00fchen: Das neue Goethe-Institut Reykjav\u00edk pr\u00e4sentiert nicht nur deutsche Kultur in Island, sondern auch isl\u00e4ndische Kultur in Deutschland. Es gibt also nicht nur Deutschlektionen, sondern auch Isl\u00e4ndischkurse, Elfen-, Zwergen- und Sexualkunde, Sport- und Musikunterricht.<\/p>\n<p>Die Island-Show, moderiert von \u00c1sta \u00d3lafsd\u00f3ttir und Wolfgang M\u00fcller, zeigt die ganze Bandbreite der musikalischen Ausdrucksformen Islands: Vom altisl\u00e4ndischen r\u00edmur-Gesang (Eyvindur P. Eir\u00edksson) und Ges\u00e4ngen aus der Edda (Hermoine Zittlau-Horstd\u00f3ttir) \u00fcber Performances (Birgir \u00d6rn Thoroddsen, Egill S\u00e6bj\u00f6rnsson), Volkslieder und Rock (\u00d3skak\u00f3rinn) bis hin zur neuen elektronischen Musikszene (Stilluppsteypa) und isl\u00e4ndischen Popsongs der 60er und 70er Jahre,vorgetragen von der soeben gek\u00fcrten Drag Queen Islands 1999 (\u00d6rn J\u00e1kup Dam Washington).<\/p>\n","protected":false},"excerpt":{"rendered":"<p>09.10.1999 Podewil Das Goethe-Institut Reykjavik pr\u00e4sentiert isl\u00e4ndische Kultur Moderation: \u00c1sta \u00d3lafsd\u00f3ttir und Wolfgang M\u00fcller Trotz heftiger Proteste schlo\u00df das staatliche Goethe-Institut Reykjav\u00edk im M\u00e4rz 1998 aus Kostengr\u00fcnden seine Pforten. Nur wenige Monate sp\u00e4ter, im August des Jahres, er\u00f6ffneten Wolfgang M\u00fcller und \u00c1sta \u00d3lafsd\u00f3ttir ein neues Goethe-Insitut in der isl\u00e4ndischen Hauptstadt &#8211; das weltweit erste private Institut dieser Art! Gem\u00e4\u00df Goethes Metamorphosenlehre ist in diesem kleinen Samenkorn bereits die Gestaltungskraft einer ganzen Pflanze enthalten. Im Goethe-Jahr 1999 wird sie in Berlin erbl\u00fchen: Das neue Goethe-Institut Reykjav\u00edk pr\u00e4sentiert nicht nur deutsche Kultur in Island, sondern auch isl\u00e4ndische Kultur in Deutschland. Es gibt also nicht nur Deutschlektionen, sondern auch Isl\u00e4ndischkurse, Elfen-, Zwergen- und Sexualkunde, Sport- und Musikunterricht. Die&#8230;<\/p>\n","protected":false},"author":2,"featured_media":0,"comment_status":"closed","ping_status":"open","sticky":false,"template":"","format":"standard","meta":[],"categories":[31,6],"tags":[185,104,189],"_links":{"self":[{"href":"https:\/\/www.freunde-guter-musik-berlin.de\/index.php?rest_route=\/wp\/v2\/posts\/1567"}],"collection":[{"href":"https:\/\/www.freunde-guter-musik-berlin.de\/index.php?rest_route=\/wp\/v2\/posts"}],"about":[{"href":"https:\/\/www.freunde-guter-musik-berlin.de\/index.php?rest_route=\/wp\/v2\/types\/post"}],"author":[{"embeddable":true,"href":"https:\/\/www.freunde-guter-musik-berlin.de\/index.php?rest_route=\/wp\/v2\/users\/2"}],"replies":[{"embeddable":true,"href":"https:\/\/www.freunde-guter-musik-berlin.de\/index.php?rest_route=%2Fwp%2Fv2%2Fcomments&post=1567"}],"version-history":[{"count":1,"href":"https:\/\/www.freunde-guter-musik-berlin.de\/index.php?rest_route=\/wp\/v2\/posts\/1567\/revisions"}],"predecessor-version":[{"id":1568,"href":"https:\/\/www.freunde-guter-musik-berlin.de\/index.php?rest_route=\/wp\/v2\/posts\/1567\/revisions\/1568"}],"wp:attachment":[{"href":"https:\/\/www.freunde-guter-musik-berlin.de\/index.php?rest_route=%2Fwp%2Fv2%2Fmedia&parent=1567"}],"wp:term":[{"taxonomy":"category","embeddable":true,"href":"https:\/\/www.freunde-guter-musik-berlin.de\/index.php?rest_route=%2Fwp%2Fv2%2Fcategories&post=1567"},{"taxonomy":"post_tag","embeddable":true,"href":"https:\/\/www.freunde-guter-musik-berlin.de\/index.php?rest_route=%2Fwp%2Fv2%2Ftags&post=1567"}],"curies":[{"name":"wp","href":"https:\/\/api.w.org\/{rel}","templated":true}]}}