{"id":4834,"date":"2026-04-27T13:36:32","date_gmt":"2026-04-27T13:36:32","guid":{"rendered":"https:\/\/www.freunde-guter-musik-berlin.de\/?p=4834"},"modified":"2026-04-27T13:55:26","modified_gmt":"2026-04-27T13:55:26","slug":"saadane-afif-the-old-melancholic-beat","status":"publish","type":"post","link":"https:\/\/www.freunde-guter-musik-berlin.de\/?p=4834","title":{"rendered":"Sa\u00e2dane Afif: The Old, Melancholic Beat"},"content":{"rendered":"<p><a href=\"https:\/\/www.freunde-guter-musik-berlin.de\/wp\/wp-content\/uploads\/2026\/04\/HBF_SAADANEAFIF_LaForgia_JPG_The-Old-scaled.jpg\" rel=\"lightbox[4834]\"><img decoding=\"async\" loading=\"lazy\" class=\" wp-image-4826\" src=\"https:\/\/www.freunde-guter-musik-berlin.de\/wp\/wp-content\/uploads\/2026\/04\/HBF_SAADANEAFIF_LaForgia_JPG_The-Old-300x200.jpg\" alt=\"\" width=\"474\" height=\"316\" srcset=\"https:\/\/www.freunde-guter-musik-berlin.de\/wp\/wp-content\/uploads\/2026\/04\/HBF_SAADANEAFIF_LaForgia_JPG_The-Old-300x200.jpg 300w, https:\/\/www.freunde-guter-musik-berlin.de\/wp\/wp-content\/uploads\/2026\/04\/HBF_SAADANEAFIF_LaForgia_JPG_The-Old-1024x683.jpg 1024w, https:\/\/www.freunde-guter-musik-berlin.de\/wp\/wp-content\/uploads\/2026\/04\/HBF_SAADANEAFIF_LaForgia_JPG_The-Old-768x512.jpg 768w, https:\/\/www.freunde-guter-musik-berlin.de\/wp\/wp-content\/uploads\/2026\/04\/HBF_SAADANEAFIF_LaForgia_JPG_The-Old-1536x1025.jpg 1536w, https:\/\/www.freunde-guter-musik-berlin.de\/wp\/wp-content\/uploads\/2026\/04\/HBF_SAADANEAFIF_LaForgia_JPG_The-Old-2048x1366.jpg 2048w, https:\/\/www.freunde-guter-musik-berlin.de\/wp\/wp-content\/uploads\/2026\/04\/HBF_SAADANEAFIF_LaForgia_JPG_The-Old-210x140.jpg 210w\" sizes=\"(max-width: 474px) 100vw, 474px\" \/><\/a><\/p>\n<p>&nbsp;<\/p>\n<p style=\"font-weight: 400;\"><strong><u>Dienstag, 23.06.2026, 20:30 Uhr<br \/>\n<\/u><\/strong><strong>KM28<br \/>\n<\/strong>Karl-Marx-Strasse 28, 12043 Berlin<\/p>\n<p style=\"font-weight: 400;\"><strong>\u00a0<\/strong><\/p>\n<p style=\"font-weight: 400;\"><strong>The Old, Live 2026<br \/>\n<\/strong>Bassfl\u00f6te: Rebecca Lane<br \/>\nStimme: Kristia Michael<br \/>\nKomposition, Elektronik: Lucie Nezri<\/p>\n<p style=\"font-weight: 400;\">Zw\u00f6lf Texte entstanden als Reaktion auf <em>The Old<\/em> \u2013 eine Werkgruppe, die auf Jeff Koons\u2019 beru\u0308hmte Serie <em>The New<\/em> Bezug nimmt und sich mit dem Verfall von Objekten, K\u00f6rpern und Gesellschaftsmodellen auseinandersetzt. Die Komponistin Lucie Nezri greift hier einen Refrain, dort einen Vers auf und erweckt die Texte ausgehend von ihrem pers\u00f6nlichen <em>Cut-up<\/em> zum Leben.<\/p>\n<p>&nbsp;<\/p>\n<p style=\"font-weight: 400;\"><strong>Melancholic Beat, Live 2026<br \/>\n<\/strong>Stimme, Zuspiel: Ugn\u0117 Uma<\/p>\n<p style=\"font-weight: 400;\">Im Jahr 2004 gab Afif anl\u00e4sslich seiner Ausstellung <em>Melancholic Beat<\/em> erstmals Songtexte in Auftrag, die im Dialog mit seinen Werken entstanden. Die vier Texte wurden damals von der Ku\u0308nstlerin LiliReynaud-Dewar verfasst; sie werden nun von Ugn\u0117 Uma aufgefu\u0308hrt.<\/p>\n<p style=\"font-weight: 400;\">Die Performance <em>Melancholic Beat, Live 2026<\/em> ist eine Auftragsarbeit des Museum Folkwang in Essen im Rahmen der Ausstellung <em style=\"font-weight: 400;\">Sa\u00e2dane Afif. Affiches \/ Plakate<\/em><span style=\"font-weight: 400;\">, 13.03. \u2013 04.10.2026, Konzert \/ Concert in Essen: 03.09.2026<\/span><\/p>\n<p>&nbsp;<\/p>\n<p>Image:<br \/>\nS.A., The Old, 2025<br \/>\n<span style=\"font-weight: 400;\">\u00a9 Sa\u0203dane Afif. VG Bild-Kunst, Bonn 2026. Fotos \/ Photos: \u00a9 Staatliche Museen zu Berlin, Nationalgalerie \/ Jacopo La Forgia<\/span><\/p>\n<p>&nbsp;<\/p>\n","protected":false},"excerpt":{"rendered":"<p>&nbsp; Dienstag, 23.06.2026, 20:30 Uhr KM28 Karl-Marx-Strasse 28, 12043 Berlin \u00a0 The Old, Live 2026 Bassfl\u00f6te: Rebecca Lane Stimme: Kristia Michael Komposition, Elektronik: Lucie Nezri Zw\u00f6lf Texte entstanden als Reaktion auf The Old \u2013 eine Werkgruppe, die auf Jeff Koons\u2019 beru\u0308hmte Serie The New Bezug nimmt und sich mit dem Verfall von Objekten, K\u00f6rpern und Gesellschaftsmodellen auseinandersetzt. Die Komponistin Lucie Nezri greift hier einen Refrain, dort einen Vers auf und erweckt die Texte ausgehend von ihrem pers\u00f6nlichen Cut-up zum Leben. &nbsp; Melancholic Beat, Live 2026 Stimme, Zuspiel: Ugn\u0117 Uma Im Jahr 2004 gab Afif anl\u00e4sslich seiner Ausstellung Melancholic Beat erstmals Songtexte in Auftrag, die im Dialog mit seinen Werken entstanden. Die vier Texte wurden damals&#8230;<\/p>\n","protected":false},"author":2,"featured_media":0,"comment_status":"closed","ping_status":"closed","sticky":false,"template":"","format":"standard","meta":[],"categories":[31,9],"tags":[321,13,310,324,323],"_links":{"self":[{"href":"https:\/\/www.freunde-guter-musik-berlin.de\/index.php?rest_route=\/wp\/v2\/posts\/4834"}],"collection":[{"href":"https:\/\/www.freunde-guter-musik-berlin.de\/index.php?rest_route=\/wp\/v2\/posts"}],"about":[{"href":"https:\/\/www.freunde-guter-musik-berlin.de\/index.php?rest_route=\/wp\/v2\/types\/post"}],"author":[{"embeddable":true,"href":"https:\/\/www.freunde-guter-musik-berlin.de\/index.php?rest_route=\/wp\/v2\/users\/2"}],"replies":[{"embeddable":true,"href":"https:\/\/www.freunde-guter-musik-berlin.de\/index.php?rest_route=%2Fwp%2Fv2%2Fcomments&post=4834"}],"version-history":[{"count":2,"href":"https:\/\/www.freunde-guter-musik-berlin.de\/index.php?rest_route=\/wp\/v2\/posts\/4834\/revisions"}],"predecessor-version":[{"id":4836,"href":"https:\/\/www.freunde-guter-musik-berlin.de\/index.php?rest_route=\/wp\/v2\/posts\/4834\/revisions\/4836"}],"wp:attachment":[{"href":"https:\/\/www.freunde-guter-musik-berlin.de\/index.php?rest_route=%2Fwp%2Fv2%2Fmedia&parent=4834"}],"wp:term":[{"taxonomy":"category","embeddable":true,"href":"https:\/\/www.freunde-guter-musik-berlin.de\/index.php?rest_route=%2Fwp%2Fv2%2Fcategories&post=4834"},{"taxonomy":"post_tag","embeddable":true,"href":"https:\/\/www.freunde-guter-musik-berlin.de\/index.php?rest_route=%2Fwp%2Fv2%2Ftags&post=4834"}],"curies":[{"name":"wp","href":"https:\/\/api.w.org\/{rel}","templated":true}]}}